{"id":34567,"date":"2025-12-02T07:50:37","date_gmt":"2025-12-02T07:50:37","guid":{"rendered":"https:\/\/neura-robotics.com\/?p=34567"},"modified":"2025-12-02T10:21:00","modified_gmt":"2025-12-02T10:21:00","slug":"cem-ozdemir-besuch","status":"publish","type":"post","link":"https:\/\/neura-robotics.com\/de\/cem-ozdemir-besuch\/","title":{"rendered":"Physical AI als Chance f\u00fcr unsere Zukunft: Cem \u00d6zdemir zu Gast bei NEURA Robotics"},"content":{"rendered":"\n<p>Am 28. November 2025 hatten wir bei NEURA Robotics die besondere Freude, Cem \u00d6zdemir an unserem Standort in Metzingen zu begr\u00fc\u00dfen \u2013 dem Ort, an dem wir mit kognitiver Robotik die Zukunft gestalten. Im Dialog mit unserem Gr\u00fcnder und CEO David Reger ging es um die gro\u00dfen Zukunftsthemen: technologische Souver\u00e4nit\u00e4t, die Rolle der Robotik f\u00fcr eine zukunftsf\u00e4hige Gesellschaft und die Positionierung von Baden-W\u00fcrttemberg als globaler Technologie-Hub. <\/p>\n\n\n\n<br\/>\n\n\n\n<p><strong>Intelligente Automatisierung als Zukunftsmotor<\/strong><\/p>\n\n\n\n<p>Bei NEURA Robotics sind wir \u00fcberzeugt: physical AI ist der zentrale Baustein, um gesellschaftliche Herausforderungen wie den demografischen Wandel und den Fachkr\u00e4ftemangel zu bew\u00e4ltigen. Mit intelligenter Automation k\u00f6nnen wir Produktivit\u00e4t steigern, Arbeitskr\u00e4fte entlasten und Freir\u00e4ume f\u00fcr das schaffen, was Menschen ausmacht: denken, f\u00fchlen und gestalten. Unsere kognitiven Roboter sind so entwickelt, dass sie Menschen in Industrie, Pflege und Alltag sicher, intuitiv und flexibel unterst\u00fctzen. Dabei steht f\u00fcr NEURA immer der Mensch im Mittelpunkt: Unsere intelligente Technologie er\u00f6ffnet neue Freir\u00e4ume f\u00fcr Kreativit\u00e4t, soziale Interaktion und nachhaltiges Wirtschaften.   <\/p>\n\n\n\n<br\/>\n\n\n\n<p><strong>Gesellschaftlicher Dialog \u2013 Politik trifft Unternehmergeist<\/strong><\/p>\n\n\n\n<p>Der Besuch von Cem \u00d6zdemir zeigte: Die Politik sucht den Dialog und wertsch\u00e4tzt Unternehmergeist und Aufbruchsstimmung. Dieser ist wichtig, um gemeinsam Ziele und die richtigen Rahmenbedingungen f\u00fcr die Zukunft des Wirtschaftsstandorts Deutschlands zu bestimmen. In Baden-W\u00fcrttemberg verf\u00fcgen wir \u00fcber eine starke industrielle Basis und hohe Innovationskraft. Um dieses Potenzial vollst\u00e4ndig zu entfalten, sind Geschwindigkeit in der Umsetzung und enge Kooperation zwischen allen Akteuren entscheidend. Es ist sp\u00fcrbar: Robotik und Automatisierung wird auch in der Politik immer st\u00e4rker als Chance gesehen \u2013 etwa, wenn es um die Sicherung von Wohlstand und die Entlastung der Arbeitswelt geht.    <\/p>\n\n\n\n<figure class=\"wp-block-image size-full\"><img fetchpriority=\"high\" decoding=\"async\" width=\"960\" height=\"720\" src=\"https:\/\/neura-robotics.com\/wp-content\/uploads\/2025\/12\/NEURA_Robotics_Cem_Ozdemir_Image003.jpg\" alt=\"\" class=\"wp-image-34560\" srcset=\"https:\/\/neura-robotics.com\/wp-content\/uploads\/2025\/12\/NEURA_Robotics_Cem_Ozdemir_Image003.jpg 960w, https:\/\/neura-robotics.com\/wp-content\/uploads\/2025\/12\/NEURA_Robotics_Cem_Ozdemir_Image003-300x225.jpg 300w, https:\/\/neura-robotics.com\/wp-content\/uploads\/2025\/12\/NEURA_Robotics_Cem_Ozdemir_Image003-768x576.jpg 768w, https:\/\/neura-robotics.com\/wp-content\/uploads\/2025\/12\/NEURA_Robotics_Cem_Ozdemir_Image003-600x450.jpg 600w\" sizes=\"(max-width: 960px) 100vw, 960px\" \/><\/figure>\n\n\n\n<br\/>\n\n\n\n<p><strong>NEURA Robotics: Technologie f\u00fcr Menschen<\/strong><\/p>\n\n\n\n<p>Bei der F\u00fchrung durch unsere Produktionshallen und Labore konnten wir mit 4NE1 zeigen, dass Deutschland bei Humanoiden Robotern einen internationalen F\u00fchrungsanspruch verdient \u2013 und dass kognitive Roboter wie MiPA, MAiRA und MAV bereits heute in unterschiedlichsten Bereichen eingesetzt werden:<\/p>\n\n\n\n<ul class=\"wp-block-list\">\n<li>zur Montageunterst\u00fctzung in der Fertigung<\/li>\n\n\n\n<li>als Assistenzsysteme in der Pflege und Rehabilitation<\/li>\n\n\n\n<li>in der Logistik mit autonomen mobilen Robotern<\/li>\n<\/ul>\n\n\n\n<br\/>\n\n\n\n<p><strong>Blick nach vorn<\/strong><\/p>\n\n\n\n<p>NEURA steht f\u00fcr den Beginn einer neuen Gr\u00fcnderzeit. Wir werden unser Innovationstempo weiter steigern und unsere Zusammenarbeit mit Industriepartnern, Bildungs- und Forschungseinrichtungen sowie politischen Akteuren intensivieren. Mit dem Neuraverse erschaffen wir das partneroffene \u00d6kosystem, mit dem sich Roboter \u00fcberall auf der Welt verbinden k\u00f6nnen, um Gelerntes zu teilen und neue F\u00e4higkeiten zu erwerben \u2013 inklusive eines offenen Marktplatzes f\u00fcr neue Anwendungen. So wird Deutschland zum Epizentrum des gr\u00f6\u00dften Zukunftsmarktes der Welt!   <\/p>\n\n\n\n<p>Der Besuch von Cem \u00d6zdemir war f\u00fcr uns Best\u00e4tigung und Ansporn zugleich: Wenn wir kognitive Robotik verantwortungsvoll gestalten, wird sie zum Schl\u00fcssel f\u00fcr nachhaltigen Fortschritt und mehr Menschlichkeit.<\/p>\n\n\n\n<figure class=\"wp-block-image size-full\"><img decoding=\"async\" width=\"960\" height=\"960\" src=\"https:\/\/neura-robotics.com\/wp-content\/uploads\/2025\/12\/NEURA_Robotics_Cem_Ozdemir_Image001.jpg\" alt=\"David Reger und Cem \u00d6zdemir bei NEURA Robotics\" class=\"wp-image-34566\" srcset=\"https:\/\/neura-robotics.com\/wp-content\/uploads\/2025\/12\/NEURA_Robotics_Cem_Ozdemir_Image001.jpg 960w, https:\/\/neura-robotics.com\/wp-content\/uploads\/2025\/12\/NEURA_Robotics_Cem_Ozdemir_Image001-300x300.jpg 300w, https:\/\/neura-robotics.com\/wp-content\/uploads\/2025\/12\/NEURA_Robotics_Cem_Ozdemir_Image001-150x150.jpg 150w, https:\/\/neura-robotics.com\/wp-content\/uploads\/2025\/12\/NEURA_Robotics_Cem_Ozdemir_Image001-768x768.jpg 768w, https:\/\/neura-robotics.com\/wp-content\/uploads\/2025\/12\/NEURA_Robotics_Cem_Ozdemir_Image001-600x600.jpg 600w, https:\/\/neura-robotics.com\/wp-content\/uploads\/2025\/12\/NEURA_Robotics_Cem_Ozdemir_Image001-100x100.jpg 100w\" sizes=\"(max-width: 960px) 100vw, 960px\" \/><\/figure>\n\n\n\n<br\/>\n\n\n\n<p><strong>\u00dcber NEURA Robotics<\/strong> <\/p>\n\n\n\n<p>NEURA Robotics wurde 2019 in Deutschland gegr\u00fcndet und verfolgt eine klare Mission: Robotik als globale L\u00f6sung f\u00fcr einige der gr\u00f6\u00dften Herausforderungen unserer Zeit zu etablieren \u2013 von Fachkr\u00e4ftemangel und demografischem Wandel bis hin zu Produktivit\u00e4t und Nachhaltigkeit. Die vielfach preisgekr\u00f6nten Innovatoren aus Metzingen verfolgen \u00fcber die gesamte Produktpalette hinweg \u2013 von Industrie- bis Haushaltsroboter \u2013 einen strikten \u201eOne-Device\u201c-Ansatz. Mit dem \u201eNeuraverse\u201c schafft das Unternehmen die Voraussetzung f\u00fcr den iPhone-Moment in der Robotik und schlie\u00dft die L\u00fccke zwischen Technologie und Menschlichkeit. Alle f\u00fcr diesen Erfolg erforderlichen Innovationen und technologischen Kernkomponenten, einschlie\u00dflich der KI, werden von NEURA Robotics selbst entwickelt. Kognitive Roboter von NEURA k\u00f6nnen sehen, h\u00f6ren und haben einen Tastsinn. Sie handeln v\u00f6llig autonom und lernen aus Erfahrung. Unterst\u00fctzt durch ein schnell wachsendes, globales Partnernetzwerk ist NEURA heute auf dem besten Weg, den ersten humanoiden Allzweckroboter auf den Markt zu bringen.       <\/p>\n\n\n\n<br\/>\n\n\n\n<p><strong>Pressekontakt<\/strong><\/p>\n\n\n\n<p>F\u00fcr weitere Informationen, Bildmaterial und Interviewanfragen wenden Sie sich bitte an<\/p>\n\n\n\n<p><a href=\"mailto:neurarobotics@fgsglobal.com\">neurarobotics@fgsglobal.com.com<br><\/a>+49 171 33 83 83 6 <\/p>\n\n\n<figure class=\"featureimagepost wp-block-post-featured-image\"><img decoding=\"async\" width=\"2000\" height=\"2000\" src=\"https:\/\/neura-robotics.com\/wp-content\/uploads\/2025\/12\/NEURA_Robotics_Cem_Ozdemir_Image002.webp\" class=\"attachment-post-thumbnail size-post-thumbnail wp-post-image\" alt=\"David Reger und Cem \u00d6zdemir bei NEURA Robotics\" style=\"object-fit:cover;\" srcset=\"https:\/\/neura-robotics.com\/wp-content\/uploads\/2025\/12\/NEURA_Robotics_Cem_Ozdemir_Image002.webp 2000w, https:\/\/neura-robotics.com\/wp-content\/uploads\/2025\/12\/NEURA_Robotics_Cem_Ozdemir_Image002-300x300.webp 300w, https:\/\/neura-robotics.com\/wp-content\/uploads\/2025\/12\/NEURA_Robotics_Cem_Ozdemir_Image002-1024x1024.webp 1024w, https:\/\/neura-robotics.com\/wp-content\/uploads\/2025\/12\/NEURA_Robotics_Cem_Ozdemir_Image002-150x150.webp 150w, https:\/\/neura-robotics.com\/wp-content\/uploads\/2025\/12\/NEURA_Robotics_Cem_Ozdemir_Image002-768x768.webp 768w, https:\/\/neura-robotics.com\/wp-content\/uploads\/2025\/12\/NEURA_Robotics_Cem_Ozdemir_Image002-1536x1536.webp 1536w, https:\/\/neura-robotics.com\/wp-content\/uploads\/2025\/12\/NEURA_Robotics_Cem_Ozdemir_Image002-600x600.webp 600w, https:\/\/neura-robotics.com\/wp-content\/uploads\/2025\/12\/NEURA_Robotics_Cem_Ozdemir_Image002-100x100.webp 100w\" sizes=\"(max-width: 2000px) 100vw, 2000px\" \/><\/figure>\n\n\n<p><\/p>\n\n\n\n<p><\/p>\n\n\n\n<p><\/p>\n","protected":false},"excerpt":{"rendered":"<p>Am 28. November 2025 hatten wir bei NEURA Robotics die besondere Freude, Cem \u00d6zdemir an unserem Standort in Metzingen zu [&hellip;]<\/p>\n","protected":false},"author":3,"featured_media":34565,"comment_status":"closed","ping_status":"open","sticky":false,"template":"","format":"standard","meta":{"_acf_changed":false,"site-sidebar-layout":"default","site-content-layout":"","ast-site-content-layout":"default","site-content-style":"default","site-sidebar-style":"default","ast-global-header-display":"","ast-banner-title-visibility":"","ast-main-header-display":"","ast-hfb-above-header-display":"","ast-hfb-below-header-display":"","ast-hfb-mobile-header-display":"","site-post-title":"","ast-breadcrumbs-content":"","ast-featured-img":"","footer-sml-layout":"","ast-disable-related-posts":"","theme-transparent-header-meta":"","adv-header-id-meta":"","stick-header-meta":"","header-above-stick-meta":"","header-main-stick-meta":"","header-below-stick-meta":"","astra-migrate-meta-layouts":"default","ast-page-background-enabled":"default","ast-page-background-meta":{"desktop":{"background-color":"var(--ast-global-color-5)","background-image":"","background-repeat":"repeat","background-position":"center center","background-size":"auto","background-attachment":"scroll","background-type":"","background-media":"","overlay-type":"","overlay-color":"","overlay-opacity":"","overlay-gradient":""},"tablet":{"background-color":"","background-image":"","background-repeat":"repeat","background-position":"center center","background-size":"auto","background-attachment":"scroll","background-type":"","background-media":"","overlay-type":"","overlay-color":"","overlay-opacity":"","overlay-gradient":""},"mobile":{"background-color":"","background-image":"","background-repeat":"repeat","background-position":"center center","background-size":"auto","background-attachment":"scroll","background-type":"","background-media":"","overlay-type":"","overlay-color":"","overlay-opacity":"","overlay-gradient":""}},"ast-content-background-meta":{"desktop":{"background-color":"var(--ast-global-color-4)","background-image":"","background-repeat":"repeat","background-position":"center center","background-size":"auto","background-attachment":"scroll","background-type":"","background-media":"","overlay-type":"","overlay-color":"","overlay-opacity":"","overlay-gradient":""},"tablet":{"background-color":"var(--ast-global-color-4)","background-image":"","background-repeat":"repeat","background-position":"center center","background-size":"auto","background-attachment":"scroll","background-type":"","background-media":"","overlay-type":"","overlay-color":"","overlay-opacity":"","overlay-gradient":""},"mobile":{"background-color":"var(--ast-global-color-4)","background-image":"","background-repeat":"repeat","background-position":"center center","background-size":"auto","background-attachment":"scroll","background-type":"","background-media":"","overlay-type":"","overlay-color":"","overlay-opacity":"","overlay-gradient":""}},"footnotes":""},"categories":[22],"tags":[],"class_list":["post-34567","post","type-post","status-publish","format-standard","has-post-thumbnail","hentry","category-news-de"],"acf":[],"yoast_head":"<!-- This site is optimized with the Yoast SEO plugin v27.1.1 - https:\/\/yoast.com\/product\/yoast-seo-wordpress\/ -->\n<title>Cem \u00d6zdemir auf Besuch bei NEURA Robotics<\/title>\n<meta name=\"description\" content=\"Cem \u00d6zdemir, Kandidat f\u00fcr den Landtag Baden-W\u00fcrttemberg, besucht NEURA Robotics | Diskussion \u00fcber die Zukunft der Physical AI\" \/>\n<meta name=\"robots\" content=\"index, follow, max-snippet:-1, max-image-preview:large, max-video-preview:-1\" \/>\n<link rel=\"canonical\" href=\"https:\/\/neura-robotics.com\/de\/cem-ozdemir-besuch\/\" \/>\n<meta property=\"og:locale\" content=\"de_DE\" \/>\n<meta property=\"og:type\" content=\"article\" \/>\n<meta property=\"og:title\" content=\"Cem \u00d6zdemir auf Besuch bei NEURA Robotics\" \/>\n<meta property=\"og:description\" content=\"Cem \u00d6zdemir, Kandidat f\u00fcr den Landtag Baden-W\u00fcrttemberg, besucht NEURA Robotics | Diskussion \u00fcber die Zukunft der Physical AI\" \/>\n<meta property=\"og:url\" content=\"https:\/\/neura-robotics.com\/de\/cem-ozdemir-besuch\/\" \/>\n<meta property=\"og:site_name\" content=\"Neura Robotics\" \/>\n<meta property=\"article:published_time\" content=\"2025-12-02T07:50:37+00:00\" \/>\n<meta property=\"article:modified_time\" content=\"2025-12-02T10:21:00+00:00\" \/>\n<meta property=\"og:image\" content=\"https:\/\/neura-robotics.com\/wp-content\/uploads\/2025\/12\/NEURA_Robotics_Cem_Ozdemir_Image002.webp\" \/>\n\t<meta property=\"og:image:width\" content=\"2000\" \/>\n\t<meta property=\"og:image:height\" content=\"2000\" \/>\n\t<meta property=\"og:image:type\" content=\"image\/webp\" \/>\n<meta name=\"author\" content=\"ann-kathrin gugel\" \/>\n<meta name=\"twitter:card\" content=\"summary_large_image\" \/>\n<meta name=\"twitter:label1\" content=\"Verfasst von\" \/>\n\t<meta name=\"twitter:data1\" content=\"ann-kathrin gugel\" \/>\n\t<meta name=\"twitter:label2\" content=\"Gesch\u00e4tzte Lesezeit\" \/>\n\t<meta name=\"twitter:data2\" content=\"4\u00a0Minuten\" \/>\n<script type=\"application\/ld+json\" class=\"yoast-schema-graph\">{\"@context\":\"https:\/\/schema.org\",\"@graph\":[{\"@type\":\"Article\",\"@id\":\"https:\/\/neura-robotics.com\/de\/cem-ozdemir-besuch\/#article\",\"isPartOf\":{\"@id\":\"https:\/\/neura-robotics.com\/de\/cem-ozdemir-besuch\/\"},\"author\":{\"name\":\"ann-kathrin gugel\",\"@id\":\"https:\/\/neura-robotics.com\/de\/#\/schema\/person\/f52c3684392ae55a25b4f0bf5ab07d9d\"},\"headline\":\"Physical AI als Chance f\u00fcr unsere Zukunft: Cem \u00d6zdemir zu Gast bei NEURA Robotics\",\"datePublished\":\"2025-12-02T07:50:37+00:00\",\"dateModified\":\"2025-12-02T10:21:00+00:00\",\"mainEntityOfPage\":{\"@id\":\"https:\/\/neura-robotics.com\/de\/cem-ozdemir-besuch\/\"},\"wordCount\":646,\"publisher\":{\"@id\":\"https:\/\/neura-robotics.com\/de\/#organization\"},\"image\":{\"@id\":\"https:\/\/neura-robotics.com\/de\/cem-ozdemir-besuch\/#primaryimage\"},\"thumbnailUrl\":\"https:\/\/neura-robotics.com\/wp-content\/uploads\/2025\/12\/NEURA_Robotics_Cem_Ozdemir_Image002.webp\",\"articleSection\":[\"News\"],\"inLanguage\":\"de\"},{\"@type\":\"WebPage\",\"@id\":\"https:\/\/neura-robotics.com\/de\/cem-ozdemir-besuch\/\",\"url\":\"https:\/\/neura-robotics.com\/de\/cem-ozdemir-besuch\/\",\"name\":\"Cem \u00d6zdemir auf Besuch bei NEURA Robotics\",\"isPartOf\":{\"@id\":\"https:\/\/neura-robotics.com\/de\/#website\"},\"primaryImageOfPage\":{\"@id\":\"https:\/\/neura-robotics.com\/de\/cem-ozdemir-besuch\/#primaryimage\"},\"image\":{\"@id\":\"https:\/\/neura-robotics.com\/de\/cem-ozdemir-besuch\/#primaryimage\"},\"thumbnailUrl\":\"https:\/\/neura-robotics.com\/wp-content\/uploads\/2025\/12\/NEURA_Robotics_Cem_Ozdemir_Image002.webp\",\"datePublished\":\"2025-12-02T07:50:37+00:00\",\"dateModified\":\"2025-12-02T10:21:00+00:00\",\"description\":\"Cem \u00d6zdemir, Kandidat f\u00fcr den Landtag Baden-W\u00fcrttemberg, besucht NEURA Robotics | Diskussion \u00fcber die Zukunft der Physical AI\",\"breadcrumb\":{\"@id\":\"https:\/\/neura-robotics.com\/de\/cem-ozdemir-besuch\/#breadcrumb\"},\"inLanguage\":\"de\",\"potentialAction\":[{\"@type\":\"ReadAction\",\"target\":[\"https:\/\/neura-robotics.com\/de\/cem-ozdemir-besuch\/\"]}]},{\"@type\":\"ImageObject\",\"inLanguage\":\"de\",\"@id\":\"https:\/\/neura-robotics.com\/de\/cem-ozdemir-besuch\/#primaryimage\",\"url\":\"https:\/\/neura-robotics.com\/wp-content\/uploads\/2025\/12\/NEURA_Robotics_Cem_Ozdemir_Image002.webp\",\"contentUrl\":\"https:\/\/neura-robotics.com\/wp-content\/uploads\/2025\/12\/NEURA_Robotics_Cem_Ozdemir_Image002.webp\",\"width\":2000,\"height\":2000,\"caption\":\"David Reger und Cem \u00d6zdemir bei NEURA Robotics\"},{\"@type\":\"BreadcrumbList\",\"@id\":\"https:\/\/neura-robotics.com\/de\/cem-ozdemir-besuch\/#breadcrumb\",\"itemListElement\":[{\"@type\":\"ListItem\",\"position\":1,\"name\":\"Home\",\"item\":\"https:\/\/neura-robotics.com\/de\/\"},{\"@type\":\"ListItem\",\"position\":2,\"name\":\"Physical AI als Chance f\u00fcr unsere Zukunft: Cem \u00d6zdemir zu Gast bei NEURA Robotics\"}]},{\"@type\":\"WebSite\",\"@id\":\"https:\/\/neura-robotics.com\/de\/#website\",\"url\":\"https:\/\/neura-robotics.com\/de\/\",\"name\":\"Neura Robotics\",\"description\":\"\",\"publisher\":{\"@id\":\"https:\/\/neura-robotics.com\/de\/#organization\"},\"potentialAction\":[{\"@type\":\"SearchAction\",\"target\":{\"@type\":\"EntryPoint\",\"urlTemplate\":\"https:\/\/neura-robotics.com\/de\/?s={search_term_string}\"},\"query-input\":{\"@type\":\"PropertyValueSpecification\",\"valueRequired\":true,\"valueName\":\"search_term_string\"}}],\"inLanguage\":\"de\"},{\"@type\":\"Organization\",\"@id\":\"https:\/\/neura-robotics.com\/de\/#organization\",\"name\":\"Neura Robotics\",\"url\":\"https:\/\/neura-robotics.com\/de\/\",\"logo\":{\"@type\":\"ImageObject\",\"inLanguage\":\"de\",\"@id\":\"https:\/\/neura-robotics.com\/de\/#\/schema\/logo\/image\/\",\"url\":\"https:\/\/neura-robotics.com\/wp-content\/uploads\/2025\/05\/neura_logo_white.svg\",\"contentUrl\":\"https:\/\/neura-robotics.com\/wp-content\/uploads\/2025\/05\/neura_logo_white.svg\",\"width\":184,\"height\":22,\"caption\":\"Neura Robotics\"},\"image\":{\"@id\":\"https:\/\/neura-robotics.com\/de\/#\/schema\/logo\/image\/\"}},{\"@type\":\"Person\",\"@id\":\"https:\/\/neura-robotics.com\/de\/#\/schema\/person\/f52c3684392ae55a25b4f0bf5ab07d9d\",\"name\":\"ann-kathrin gugel\",\"image\":{\"@type\":\"ImageObject\",\"inLanguage\":\"de\",\"@id\":\"https:\/\/neura-robotics.com\/de\/#\/schema\/person\/image\/\",\"url\":\"https:\/\/secure.gravatar.com\/avatar\/ca1a4d90c3497d459c4c00f749019e5918f2bf2f4f28af9fa3089ff0da641b84?s=96&d=mm&r=g\",\"contentUrl\":\"https:\/\/secure.gravatar.com\/avatar\/ca1a4d90c3497d459c4c00f749019e5918f2bf2f4f28af9fa3089ff0da641b84?s=96&d=mm&r=g\",\"caption\":\"ann-kathrin gugel\"}}]}<\/script>\n<!-- \/ Yoast SEO plugin. -->","yoast_head_json":{"title":"Cem \u00d6zdemir auf Besuch bei NEURA Robotics","description":"Cem \u00d6zdemir, Kandidat f\u00fcr den Landtag Baden-W\u00fcrttemberg, besucht NEURA Robotics | Diskussion \u00fcber die Zukunft der Physical AI","robots":{"index":"index","follow":"follow","max-snippet":"max-snippet:-1","max-image-preview":"max-image-preview:large","max-video-preview":"max-video-preview:-1"},"canonical":"https:\/\/neura-robotics.com\/de\/cem-ozdemir-besuch\/","og_locale":"de_DE","og_type":"article","og_title":"Cem \u00d6zdemir auf Besuch bei NEURA Robotics","og_description":"Cem \u00d6zdemir, Kandidat f\u00fcr den Landtag Baden-W\u00fcrttemberg, besucht NEURA Robotics | Diskussion \u00fcber die Zukunft der Physical AI","og_url":"https:\/\/neura-robotics.com\/de\/cem-ozdemir-besuch\/","og_site_name":"Neura Robotics","article_published_time":"2025-12-02T07:50:37+00:00","article_modified_time":"2025-12-02T10:21:00+00:00","og_image":[{"width":2000,"height":2000,"url":"https:\/\/neura-robotics.com\/wp-content\/uploads\/2025\/12\/NEURA_Robotics_Cem_Ozdemir_Image002.webp","type":"image\/webp"}],"author":"ann-kathrin gugel","twitter_card":"summary_large_image","twitter_misc":{"Verfasst von":"ann-kathrin gugel","Gesch\u00e4tzte Lesezeit":"4\u00a0Minuten"},"schema":{"@context":"https:\/\/schema.org","@graph":[{"@type":"Article","@id":"https:\/\/neura-robotics.com\/de\/cem-ozdemir-besuch\/#article","isPartOf":{"@id":"https:\/\/neura-robotics.com\/de\/cem-ozdemir-besuch\/"},"author":{"name":"ann-kathrin gugel","@id":"https:\/\/neura-robotics.com\/de\/#\/schema\/person\/f52c3684392ae55a25b4f0bf5ab07d9d"},"headline":"Physical AI als Chance f\u00fcr unsere Zukunft: Cem \u00d6zdemir zu Gast bei NEURA Robotics","datePublished":"2025-12-02T07:50:37+00:00","dateModified":"2025-12-02T10:21:00+00:00","mainEntityOfPage":{"@id":"https:\/\/neura-robotics.com\/de\/cem-ozdemir-besuch\/"},"wordCount":646,"publisher":{"@id":"https:\/\/neura-robotics.com\/de\/#organization"},"image":{"@id":"https:\/\/neura-robotics.com\/de\/cem-ozdemir-besuch\/#primaryimage"},"thumbnailUrl":"https:\/\/neura-robotics.com\/wp-content\/uploads\/2025\/12\/NEURA_Robotics_Cem_Ozdemir_Image002.webp","articleSection":["News"],"inLanguage":"de"},{"@type":"WebPage","@id":"https:\/\/neura-robotics.com\/de\/cem-ozdemir-besuch\/","url":"https:\/\/neura-robotics.com\/de\/cem-ozdemir-besuch\/","name":"Cem \u00d6zdemir auf Besuch bei NEURA Robotics","isPartOf":{"@id":"https:\/\/neura-robotics.com\/de\/#website"},"primaryImageOfPage":{"@id":"https:\/\/neura-robotics.com\/de\/cem-ozdemir-besuch\/#primaryimage"},"image":{"@id":"https:\/\/neura-robotics.com\/de\/cem-ozdemir-besuch\/#primaryimage"},"thumbnailUrl":"https:\/\/neura-robotics.com\/wp-content\/uploads\/2025\/12\/NEURA_Robotics_Cem_Ozdemir_Image002.webp","datePublished":"2025-12-02T07:50:37+00:00","dateModified":"2025-12-02T10:21:00+00:00","description":"Cem \u00d6zdemir, Kandidat f\u00fcr den Landtag Baden-W\u00fcrttemberg, besucht NEURA Robotics | Diskussion \u00fcber die Zukunft der Physical AI","breadcrumb":{"@id":"https:\/\/neura-robotics.com\/de\/cem-ozdemir-besuch\/#breadcrumb"},"inLanguage":"de","potentialAction":[{"@type":"ReadAction","target":["https:\/\/neura-robotics.com\/de\/cem-ozdemir-besuch\/"]}]},{"@type":"ImageObject","inLanguage":"de","@id":"https:\/\/neura-robotics.com\/de\/cem-ozdemir-besuch\/#primaryimage","url":"https:\/\/neura-robotics.com\/wp-content\/uploads\/2025\/12\/NEURA_Robotics_Cem_Ozdemir_Image002.webp","contentUrl":"https:\/\/neura-robotics.com\/wp-content\/uploads\/2025\/12\/NEURA_Robotics_Cem_Ozdemir_Image002.webp","width":2000,"height":2000,"caption":"David Reger und Cem \u00d6zdemir bei NEURA Robotics"},{"@type":"BreadcrumbList","@id":"https:\/\/neura-robotics.com\/de\/cem-ozdemir-besuch\/#breadcrumb","itemListElement":[{"@type":"ListItem","position":1,"name":"Home","item":"https:\/\/neura-robotics.com\/de\/"},{"@type":"ListItem","position":2,"name":"Physical AI als Chance f\u00fcr unsere Zukunft: Cem \u00d6zdemir zu Gast bei NEURA Robotics"}]},{"@type":"WebSite","@id":"https:\/\/neura-robotics.com\/de\/#website","url":"https:\/\/neura-robotics.com\/de\/","name":"Neura Robotics","description":"","publisher":{"@id":"https:\/\/neura-robotics.com\/de\/#organization"},"potentialAction":[{"@type":"SearchAction","target":{"@type":"EntryPoint","urlTemplate":"https:\/\/neura-robotics.com\/de\/?s={search_term_string}"},"query-input":{"@type":"PropertyValueSpecification","valueRequired":true,"valueName":"search_term_string"}}],"inLanguage":"de"},{"@type":"Organization","@id":"https:\/\/neura-robotics.com\/de\/#organization","name":"Neura Robotics","url":"https:\/\/neura-robotics.com\/de\/","logo":{"@type":"ImageObject","inLanguage":"de","@id":"https:\/\/neura-robotics.com\/de\/#\/schema\/logo\/image\/","url":"https:\/\/neura-robotics.com\/wp-content\/uploads\/2025\/05\/neura_logo_white.svg","contentUrl":"https:\/\/neura-robotics.com\/wp-content\/uploads\/2025\/05\/neura_logo_white.svg","width":184,"height":22,"caption":"Neura Robotics"},"image":{"@id":"https:\/\/neura-robotics.com\/de\/#\/schema\/logo\/image\/"}},{"@type":"Person","@id":"https:\/\/neura-robotics.com\/de\/#\/schema\/person\/f52c3684392ae55a25b4f0bf5ab07d9d","name":"ann-kathrin gugel","image":{"@type":"ImageObject","inLanguage":"de","@id":"https:\/\/neura-robotics.com\/de\/#\/schema\/person\/image\/","url":"https:\/\/secure.gravatar.com\/avatar\/ca1a4d90c3497d459c4c00f749019e5918f2bf2f4f28af9fa3089ff0da641b84?s=96&d=mm&r=g","contentUrl":"https:\/\/secure.gravatar.com\/avatar\/ca1a4d90c3497d459c4c00f749019e5918f2bf2f4f28af9fa3089ff0da641b84?s=96&d=mm&r=g","caption":"ann-kathrin gugel"}}]}},"_links":{"self":[{"href":"https:\/\/neura-robotics.com\/de\/wp-json\/wp\/v2\/posts\/34567","targetHints":{"allow":["GET"]}}],"collection":[{"href":"https:\/\/neura-robotics.com\/de\/wp-json\/wp\/v2\/posts"}],"about":[{"href":"https:\/\/neura-robotics.com\/de\/wp-json\/wp\/v2\/types\/post"}],"author":[{"embeddable":true,"href":"https:\/\/neura-robotics.com\/de\/wp-json\/wp\/v2\/users\/3"}],"replies":[{"embeddable":true,"href":"https:\/\/neura-robotics.com\/de\/wp-json\/wp\/v2\/comments?post=34567"}],"version-history":[{"count":2,"href":"https:\/\/neura-robotics.com\/de\/wp-json\/wp\/v2\/posts\/34567\/revisions"}],"predecessor-version":[{"id":34569,"href":"https:\/\/neura-robotics.com\/de\/wp-json\/wp\/v2\/posts\/34567\/revisions\/34569"}],"wp:featuredmedia":[{"embeddable":true,"href":"https:\/\/neura-robotics.com\/de\/wp-json\/wp\/v2\/media\/34565"}],"wp:attachment":[{"href":"https:\/\/neura-robotics.com\/de\/wp-json\/wp\/v2\/media?parent=34567"}],"wp:term":[{"taxonomy":"category","embeddable":true,"href":"https:\/\/neura-robotics.com\/de\/wp-json\/wp\/v2\/categories?post=34567"},{"taxonomy":"post_tag","embeddable":true,"href":"https:\/\/neura-robotics.com\/de\/wp-json\/wp\/v2\/tags?post=34567"}],"curies":[{"name":"wp","href":"https:\/\/api.w.org\/{rel}","templated":true}]}}